{"id":1385,"date":"2022-10-04T12:28:40","date_gmt":"2022-10-04T12:28:40","guid":{"rendered":"https:\/\/novacompliancelab.cedis.fd.unl.pt\/?p=1385"},"modified":"2022-10-04T12:28:43","modified_gmt":"2022-10-04T12:28:43","slug":"o-tratamento-de-denuncias-investigacoes-internas-de-denuncias1","status":"publish","type":"post","link":"https:\/\/novacompliancelab.cedis.fd.unl.pt\/?p=1385","title":{"rendered":"O tratamento de den\u00fancias \u2013 Investiga\u00e7\u00f5es internas de den\u00fancias<a href=\"#_ftn1\" id=\"_ftnref1\">[1]<\/a>"},"content":{"rendered":"\n<p>A Lei n.\u00ba 93\/2021, de 20 de dezembro, que estabelece o Regime Geral de Prote\u00e7\u00e3o de Denunciantes de Infra\u00e7\u00f5es, no seu Artigo 11.\u00ba, n.\u00ba 2 prev\u00ea que:<\/p>\n\n\n\n<p>\u201cNo seguimento da den\u00fancia, as entidades obrigadas praticam os atos internos adequados \u00e0 verifica\u00e7\u00e3o das alega\u00e7\u00f5es a\u00ed contidas e, se for caso disso, \u00e0 cessa\u00e7\u00e3o da infra\u00e7\u00e3o denunciada, inclusive atrav\u00e9s da abertura de um inqu\u00e9rito interno ou da comunica\u00e7\u00e3o a autoridade competente para investiga\u00e7\u00e3o da infra\u00e7\u00e3o, incluindo as institui\u00e7\u00f5es, \u00f3rg\u00e3os ou organismos da Uni\u00e3o Europeia.\u201d<\/p>\n\n\n\n<p>Entende-se que as organiza\u00e7\u00f5es, ao praticarem atos internos adequados \u00e0 verifica\u00e7\u00e3o das alega\u00e7\u00f5es a\u00ed contidas, est\u00e3o, na pr\u00e1tica, a efetuar investiga\u00e7\u00f5es internas.<\/p>\n\n\n\n<p>Uma investiga\u00e7\u00e3o interna, no \u00e2mbito da Lei n.\u00ba 93\/2021, no meu entendimento, tem como principal objetivo o de \u201cconfirmar\u201d, \u201cconfirmar parcialmente\u201d ou \u201cn\u00e3o confirmar\u201d as alega\u00e7\u00f5es de atos il\u00edcitos presentes em uma den\u00fancia interna.<\/p>\n\n\n\n<p>Uma den\u00fancia interna depois de rececionada e decidido o seu seguimento, deve ser entregue a uma equipa com compet\u00eancias espec\u00edficas, tanto no que respeita \u00e0s <em>softskills<\/em> apropriadas, como a um profundo conhecimento sobre a organiza\u00e7\u00e3o, nomeadamente, sobre os processos associados \u00e0 investiga\u00e7\u00e3o, assim como, sobre toda a legisla\u00e7\u00e3o que pode ser violada no curso de uma investiga\u00e7\u00e3o, com relev\u00e2ncia para a laboral, penal, processo penal e prote\u00e7\u00e3o de dados.<\/p>\n\n\n\n<p>A capacidade da organiza\u00e7\u00e3o para investigar internamente poder\u00e1 requerer investigadores com fun\u00e7\u00f5es exclusivas para tratar as den\u00fancias internas, porque o tempo exigido pelas investiga\u00e7\u00f5es pode ser bastante demorado. Dependendo do dom\u00ednio da den\u00fancia, outras fun\u00e7\u00f5es especializadas podem ser convocadas para participar na investiga\u00e7\u00e3o. Um apoio jur\u00eddico constante \u00e9 fundamental.<\/p>\n\n\n\n<p>Na generalidade dos casos, tratar den\u00fancias internas configura uma nova fun\u00e7\u00e3o independente e imparcial, podendo a organiza\u00e7\u00e3o ter de assegurar a forma\u00e7\u00e3o adequada, para garantir as compet\u00eancias necess\u00e1rias para investigar com efici\u00eancia e em conformidade. A forma\u00e7\u00e3o \u00e9, assim, um dos fatores cr\u00edticos de sucesso para a conformidade das organiza\u00e7\u00f5es com a Lei n.\u00ba 93\/2021. Neste \u00e2mbito, destaco outros fatores cr\u00edticos de sucesso, tais como:<\/p>\n\n\n\n<ul class=\"wp-block-list\"><li>Uma plataforma <em>online<\/em> que permita rececionar e tratar as den\u00fancias internas, garantindo uma comunica\u00e7\u00e3o efetiva com o denunciante, assim como que assegure o seu anonimato (se por este desejado) e a confidencialidade das informa\u00e7\u00f5es. Esta plataforma, ao tornar poss\u00edvel integrar em si toda a informa\u00e7\u00e3o associada ao tratamento da den\u00fancia interna, permitir\u00e1 uma gest\u00e3o da investiga\u00e7\u00e3o interna mais eficiente.<\/li><li>Um local de acesso discreto e insonorizado para a realiza\u00e7\u00e3o das entrevistas investigativas de forma a garantir a sua confidencialidade.<\/li><li>O acesso pelo investigador, de forma aut\u00f3noma, \u00e0 informa\u00e7\u00e3o presente nos sistemas de informa\u00e7\u00e3o da organiza\u00e7\u00e3o. Esta autonomia \u00e9 fundamental para refor\u00e7ar a confidencialidade.<\/li><li>No processo de investiga\u00e7\u00e3o interna, garantir que as participa\u00e7\u00f5es das testemunhas e da pessoa visada sejam volunt\u00e1rias. A presun\u00e7\u00e3o de inoc\u00eancia da pessoa visada deve estar sempre presente e \u00e9 necess\u00e1rio dar-lhe a conhecer todas as alega\u00e7\u00f5es de il\u00edcitos feitas a seu respeito, assim como, todas as informa\u00e7\u00f5es at\u00e9 ao momento recolhidas e, tamb\u00e9m, a oportunidade de se defender. \u00c9 necess\u00e1rio informar a pessoa visada sobre o seu direito de n\u00e3o se auto incriminar.<\/li><li>As evid\u00eancias devem ser obtidas sem violar os direitos fundamentais da pessoa visada. Na recolha de informa\u00e7\u00e3o atrav\u00e9s de entrevistas investigativas \u00e9 necess\u00e1rio prevenir a contamina\u00e7\u00e3o das evid\u00eancias, n\u00e3o se podendo obter respostas sugeridas, ou atrav\u00e9s de coa\u00e7\u00e3o.<\/li><li>A confidencialidade, o anonimato, a proibi\u00e7\u00e3o de retalia\u00e7\u00e3o e os direitos definidos no Regime Geral de Prote\u00e7\u00e3o de Dados (\u201cRGPD\u201d) t\u00eam de ser assegurados em todo o tratamento e para al\u00e9m dele.<\/li><\/ul>\n\n\n\n<p>A credibilidade e validade de uma investiga\u00e7\u00e3o interna depender\u00e1 da observa\u00e7\u00e3o de todos os fatores cr\u00edticos de sucesso acima enunciados.<\/p>\n\n\n\n<p>No final da investiga\u00e7\u00e3o, a conclus\u00e3o poder\u00e1 ser:<\/p>\n\n\n\n<ol class=\"wp-block-list\" type=\"1\"><li>As alega\u00e7\u00f5es foram confirmadas.<\/li><li>As alega\u00e7\u00f5es foram parcialmente confirmadas.<\/li><li>As alega\u00e7\u00f5es n\u00e3o foram confirmadas.<\/li><\/ol>\n\n\n\n<p>Os dois primeiros casos podem resultar na abertura de um inqu\u00e9rito interno ou na comunica\u00e7\u00e3o \u00e0 autoridade competente para investiga\u00e7\u00e3o da infra\u00e7\u00e3o.<\/p>\n\n\n\n<p>\u00c9 importante refletir que, enquanto as autoridades p\u00fablicas competentes t\u00eam legisla\u00e7\u00e3o espec\u00edfica para as investiga\u00e7\u00f5es que efetuam, do lado das organiza\u00e7\u00f5es, n\u00e3o existe legisla\u00e7\u00e3o espec\u00edfica que preveja como \u00e9 que as investiga\u00e7\u00f5es internas devem ser conduzidas.<\/p>\n\n\n\n<p>Esta \u00e9 uma enorme preocupa\u00e7\u00e3o para as organiza\u00e7\u00f5es, na medida em que, no decurso das investiga\u00e7\u00f5es internas, se alguma lei for violada, mesmo que por ignor\u00e2ncia, os riscos de san\u00e7\u00f5es e de reputa\u00e7\u00e3o podem ser significativos.<\/p>\n\n\n\n<p>Face a esta exig\u00eancia legal, \u00e9 pertinente as organiza\u00e7\u00f5es refletirem se est\u00e3o preparadas para efetuarem investiga\u00e7\u00f5es internas e sobre o que precisam de garantir para o fazerem com efici\u00eancia e em conformidade. Este texto teve o prop\u00f3sito de contribuir com algumas pistas para que essa reflex\u00e3o seja mais objetiva.<\/p>\n\n\n\n<p class=\"has-text-align-left\"><strong>Luis Fonseca<\/strong><br>Encarregado da Prote\u00e7\u00e3o de Dados (certificado) e Coordenador de Seguran\u00e7a Econ\u00f3mica (resposta ao canal de den\u00fancias, pr\u00e9-avalia\u00e7\u00e3o (<em>due diligence<\/em>) a entidades terceiras e preven\u00e7\u00e3o e investiga\u00e7\u00e3o de fraude) na Auchan Retail Portugal. Durante cerca de 10 anos foi auditor interno, gestor de riscos operacionais e analista de fraude na mesma empresa.<\/p>\n\n\n\n<p>RESUMO CURRICULAR DE LUIS FONSECA:<br>Licenciado em Gest\u00e3o de Empresas.<br>Programa de Gest\u00e3o de Informa\u00e7\u00e3o e e-business.<br>P\u00f3s-Gradua\u00e7\u00e3o em Gest\u00e3o e Dire\u00e7\u00e3o de Seguran\u00e7a.<br>P\u00f3s-Gradua\u00e7\u00e3o em Direito da Prote\u00e7\u00e3o da Dados.<br>Mestre em Auditoria (Bolsa de M\u00e9rito).<br>4 anos no Programa de Doutoramento em Gest\u00e3o da Informa\u00e7\u00e3o.<br>Teoria dos Jogos aplicada \u00e0s Ci\u00eancias Jur\u00eddicas.<br>Curso Avan\u00e7ado em Ciberseguran\u00e7a, Ciberdefesa e Exerc\u00edcios de Gest\u00e3o de Crises no Ciberespa\u00e7o.<br>Curso DPO PRO \u2013 O Encarregado da Prote\u00e7\u00e3o de Dados.<br>Curso de Compliance para a Preven\u00e7\u00e3o da Corrup\u00e7\u00e3o.<br>Curso Pr\u00e1tico Intensivo de Auditoria Interna.<br>Forma\u00e7\u00e3o de Formadores \u2013 IEFP.<br>Colaborador do Nova Compliance Lab da Nova School of Law.<br>Tem v\u00e1rios artigos e cap\u00edtulos de livros publicados, efetuou apresenta\u00e7\u00f5es em congressos nacionais e internacionais, \u00e9 orador convidado e formador em cursos de RGPD e de temas associados ao Compliance, Canais de Den\u00fancias, Entrevistas Investigativas, Auditoria, Controlo Interno, Gest\u00e3o de Riscos e An\u00e1lise de Dados, principalmente em universidades e em contexto profissional.<br>Membro da Ordem dos Contabilistas Certificados, Ordem dos Economistas e da Associa\u00e7\u00e3o dos Examinadores de Fraude Certificados.<br>Email: lpfonseca@gmail.com<br>LinkedIn: linkedin.com\/in\/luis-fonseca-26b97b<\/p>\n\n\n\n<hr class=\"wp-block-separator has-alpha-channel-opacity is-style-wide\"\/>\n\n\n\n<p><a id=\"_ftn1\" href=\"#_ftnref1\">[1]<\/a> Este texto \u00e9 baseado na experi\u00eancia do autor, \u00e9 da sua inteira responsabilidade e tem o objetivo de contribuir para um maior conhecimento sobre investiga\u00e7\u00f5es internas.<\/p>\n","protected":false},"excerpt":{"rendered":"<p>A Lei n.\u00ba 93\/2021, de 20 de dezembro, que estabelece o Regime Geral de Prote\u00e7\u00e3o de Denunciantes de Infra\u00e7\u00f5es, no seu Artigo 11.\u00ba, n.\u00ba 2 prev\u00ea que: \u201cNo seguimento da den\u00fancia, as entidades obrigadas praticam os atos internos adequados \u00e0 verifica\u00e7\u00e3o das alega\u00e7\u00f5es a\u00ed contidas e, se for caso disso, \u00e0 cessa\u00e7\u00e3o da infra\u00e7\u00e3o denunciada, <\/p>\n<div class=\"read-more-text\"><a href=\"https:\/\/novacompliancelab.cedis.fd.unl.pt\/?p=1385\" class=\"read-more\">continue reading<\/a><\/div>\n","protected":false},"author":1,"featured_media":0,"comment_status":"open","ping_status":"open","sticky":true,"template":"","format":"standard","meta":{"_exactmetrics_skip_tracking":false,"_exactmetrics_sitenote_active":false,"_exactmetrics_sitenote_note":"","_exactmetrics_sitenote_category":0,"_monsterinsights_skip_tracking":false,"_monsterinsights_sitenote_active":false,"_monsterinsights_sitenote_note":"","_monsterinsights_sitenote_category":0,"_jetpack_memberships_contains_paid_content":false,"footnotes":""},"categories":[24],"tags":[],"class_list":["post-1385","post","type-post","status-publish","format-standard","hentry","category-blog"],"yoast_head":"<!-- This site is optimized with the Yoast SEO plugin v27.4 - https:\/\/yoast.com\/product\/yoast-seo-wordpress\/ -->\n<title>O tratamento de den\u00fancias \u2013 Investiga\u00e7\u00f5es internas de den\u00fancias[1] -<\/title>\n<meta name=\"robots\" content=\"index, follow, max-snippet:-1, max-image-preview:large, max-video-preview:-1\" \/>\n<link rel=\"canonical\" href=\"https:\/\/novacompliancelab.cedis.fd.unl.pt\/?p=1385\" \/>\n<meta property=\"og:locale\" content=\"en_US\" \/>\n<meta property=\"og:type\" content=\"article\" \/>\n<meta property=\"og:title\" content=\"O tratamento de den\u00fancias \u2013 Investiga\u00e7\u00f5es internas de den\u00fancias[1] -\" \/>\n<meta property=\"og:description\" content=\"A Lei n.\u00ba 93\/2021, de 20 de dezembro, que estabelece o Regime Geral de Prote\u00e7\u00e3o de Denunciantes de Infra\u00e7\u00f5es, no seu Artigo 11.\u00ba, n.\u00ba 2 prev\u00ea que: \u201cNo seguimento da den\u00fancia, as entidades obrigadas praticam os atos internos adequados \u00e0 verifica\u00e7\u00e3o das alega\u00e7\u00f5es a\u00ed contidas e, se for caso disso, \u00e0 cessa\u00e7\u00e3o da infra\u00e7\u00e3o denunciada, continue reading\" \/>\n<meta property=\"og:url\" content=\"https:\/\/novacompliancelab.cedis.fd.unl.pt\/?p=1385\" \/>\n<meta property=\"article:published_time\" content=\"2022-10-04T12:28:40+00:00\" \/>\n<meta property=\"article:modified_time\" content=\"2022-10-04T12:28:43+00:00\" \/>\n<meta name=\"author\" content=\"admcompliancelab\" \/>\n<meta name=\"twitter:card\" content=\"summary_large_image\" \/>\n<meta name=\"twitter:label1\" content=\"Written by\" \/>\n\t<meta name=\"twitter:data1\" content=\"admcompliancelab\" \/>\n\t<meta name=\"twitter:label2\" content=\"Est. reading time\" \/>\n\t<meta name=\"twitter:data2\" content=\"5 minutes\" \/>\n<script type=\"application\/ld+json\" class=\"yoast-schema-graph\">{\"@context\":\"https:\\\/\\\/schema.org\",\"@graph\":[{\"@type\":\"Article\",\"@id\":\"https:\\\/\\\/novacompliancelab.cedis.fd.unl.pt\\\/?p=1385#article\",\"isPartOf\":{\"@id\":\"https:\\\/\\\/novacompliancelab.cedis.fd.unl.pt\\\/?p=1385\"},\"author\":{\"name\":\"admcompliancelab\",\"@id\":\"https:\\\/\\\/novacompliancelab.cedis.fd.unl.pt\\\/#\\\/schema\\\/person\\\/d6ff97373e2958d7ea2432e08216d2b8\"},\"headline\":\"O tratamento de den\u00fancias \u2013 Investiga\u00e7\u00f5es internas de den\u00fancias[1]\",\"datePublished\":\"2022-10-04T12:28:40+00:00\",\"dateModified\":\"2022-10-04T12:28:43+00:00\",\"mainEntityOfPage\":{\"@id\":\"https:\\\/\\\/novacompliancelab.cedis.fd.unl.pt\\\/?p=1385\"},\"wordCount\":1173,\"commentCount\":0,\"publisher\":{\"@id\":\"https:\\\/\\\/novacompliancelab.cedis.fd.unl.pt\\\/#organization\"},\"articleSection\":[\"Blog\"],\"inLanguage\":\"en-US\",\"potentialAction\":[{\"@type\":\"CommentAction\",\"name\":\"Comment\",\"target\":[\"https:\\\/\\\/novacompliancelab.cedis.fd.unl.pt\\\/?p=1385#respond\"]}]},{\"@type\":\"WebPage\",\"@id\":\"https:\\\/\\\/novacompliancelab.cedis.fd.unl.pt\\\/?p=1385\",\"url\":\"https:\\\/\\\/novacompliancelab.cedis.fd.unl.pt\\\/?p=1385\",\"name\":\"O tratamento de den\u00fancias \u2013 Investiga\u00e7\u00f5es internas de den\u00fancias[1] -\",\"isPartOf\":{\"@id\":\"https:\\\/\\\/novacompliancelab.cedis.fd.unl.pt\\\/#website\"},\"datePublished\":\"2022-10-04T12:28:40+00:00\",\"dateModified\":\"2022-10-04T12:28:43+00:00\",\"breadcrumb\":{\"@id\":\"https:\\\/\\\/novacompliancelab.cedis.fd.unl.pt\\\/?p=1385#breadcrumb\"},\"inLanguage\":\"en-US\",\"potentialAction\":[{\"@type\":\"ReadAction\",\"target\":[\"https:\\\/\\\/novacompliancelab.cedis.fd.unl.pt\\\/?p=1385\"]}]},{\"@type\":\"BreadcrumbList\",\"@id\":\"https:\\\/\\\/novacompliancelab.cedis.fd.unl.pt\\\/?p=1385#breadcrumb\",\"itemListElement\":[{\"@type\":\"ListItem\",\"position\":1,\"name\":\"Home\",\"item\":\"https:\\\/\\\/novacompliancelab.cedis.fd.unl.pt\\\/\"},{\"@type\":\"ListItem\",\"position\":2,\"name\":\"O tratamento de den\u00fancias \u2013 Investiga\u00e7\u00f5es internas de den\u00fancias[1]\"}]},{\"@type\":\"WebSite\",\"@id\":\"https:\\\/\\\/novacompliancelab.cedis.fd.unl.pt\\\/#website\",\"url\":\"https:\\\/\\\/novacompliancelab.cedis.fd.unl.pt\\\/\",\"name\":\"NOVA Compliance Lab\",\"description\":\"\",\"publisher\":{\"@id\":\"https:\\\/\\\/novacompliancelab.cedis.fd.unl.pt\\\/#organization\"},\"potentialAction\":[{\"@type\":\"SearchAction\",\"target\":{\"@type\":\"EntryPoint\",\"urlTemplate\":\"https:\\\/\\\/novacompliancelab.cedis.fd.unl.pt\\\/?s={search_term_string}\"},\"query-input\":{\"@type\":\"PropertyValueSpecification\",\"valueRequired\":true,\"valueName\":\"search_term_string\"}}],\"inLanguage\":\"en-US\"},{\"@type\":\"Organization\",\"@id\":\"https:\\\/\\\/novacompliancelab.cedis.fd.unl.pt\\\/#organization\",\"name\":\"NOVA Compliance Lab\",\"url\":\"https:\\\/\\\/novacompliancelab.cedis.fd.unl.pt\\\/\",\"logo\":{\"@type\":\"ImageObject\",\"inLanguage\":\"en-US\",\"@id\":\"https:\\\/\\\/novacompliancelab.cedis.fd.unl.pt\\\/#\\\/schema\\\/logo\\\/image\\\/\",\"url\":\"http:\\\/\\\/novacompliancelab.cedis.fd.unl.pt\\\/wp-content\\\/uploads\\\/2019\\\/11\\\/NOVA-COMPLIANCE-LAB_logo_fundo-branco.jpg\",\"contentUrl\":\"http:\\\/\\\/novacompliancelab.cedis.fd.unl.pt\\\/wp-content\\\/uploads\\\/2019\\\/11\\\/NOVA-COMPLIANCE-LAB_logo_fundo-branco.jpg\",\"width\":941,\"height\":615,\"caption\":\"NOVA Compliance Lab\"},\"image\":{\"@id\":\"https:\\\/\\\/novacompliancelab.cedis.fd.unl.pt\\\/#\\\/schema\\\/logo\\\/image\\\/\"}},{\"@type\":\"Person\",\"@id\":\"https:\\\/\\\/novacompliancelab.cedis.fd.unl.pt\\\/#\\\/schema\\\/person\\\/d6ff97373e2958d7ea2432e08216d2b8\",\"name\":\"admcompliancelab\",\"image\":{\"@type\":\"ImageObject\",\"inLanguage\":\"en-US\",\"@id\":\"https:\\\/\\\/secure.gravatar.com\\\/avatar\\\/4e68a27073ae21feaef106070aae371a74b8a8bb8bf904524d2d5353b998f411?s=96&d=mm&r=g\",\"url\":\"https:\\\/\\\/secure.gravatar.com\\\/avatar\\\/4e68a27073ae21feaef106070aae371a74b8a8bb8bf904524d2d5353b998f411?s=96&d=mm&r=g\",\"contentUrl\":\"https:\\\/\\\/secure.gravatar.com\\\/avatar\\\/4e68a27073ae21feaef106070aae371a74b8a8bb8bf904524d2d5353b998f411?s=96&d=mm&r=g\",\"caption\":\"admcompliancelab\"},\"sameAs\":[\"http:\\\/\\\/novacompliancelab.cedis.fd.unl.pt\\\/\"],\"url\":\"https:\\\/\\\/novacompliancelab.cedis.fd.unl.pt\\\/?author=1\"}]}<\/script>\n<!-- \/ Yoast SEO plugin. -->","yoast_head_json":{"title":"O tratamento de den\u00fancias \u2013 Investiga\u00e7\u00f5es internas de den\u00fancias[1] -","robots":{"index":"index","follow":"follow","max-snippet":"max-snippet:-1","max-image-preview":"max-image-preview:large","max-video-preview":"max-video-preview:-1"},"canonical":"https:\/\/novacompliancelab.cedis.fd.unl.pt\/?p=1385","og_locale":"en_US","og_type":"article","og_title":"O tratamento de den\u00fancias \u2013 Investiga\u00e7\u00f5es internas de den\u00fancias[1] -","og_description":"A Lei n.\u00ba 93\/2021, de 20 de dezembro, que estabelece o Regime Geral de Prote\u00e7\u00e3o de Denunciantes de Infra\u00e7\u00f5es, no seu Artigo 11.\u00ba, n.\u00ba 2 prev\u00ea que: \u201cNo seguimento da den\u00fancia, as entidades obrigadas praticam os atos internos adequados \u00e0 verifica\u00e7\u00e3o das alega\u00e7\u00f5es a\u00ed contidas e, se for caso disso, \u00e0 cessa\u00e7\u00e3o da infra\u00e7\u00e3o denunciada, continue reading","og_url":"https:\/\/novacompliancelab.cedis.fd.unl.pt\/?p=1385","article_published_time":"2022-10-04T12:28:40+00:00","article_modified_time":"2022-10-04T12:28:43+00:00","author":"admcompliancelab","twitter_card":"summary_large_image","twitter_misc":{"Written by":"admcompliancelab","Est. reading time":"5 minutes"},"schema":{"@context":"https:\/\/schema.org","@graph":[{"@type":"Article","@id":"https:\/\/novacompliancelab.cedis.fd.unl.pt\/?p=1385#article","isPartOf":{"@id":"https:\/\/novacompliancelab.cedis.fd.unl.pt\/?p=1385"},"author":{"name":"admcompliancelab","@id":"https:\/\/novacompliancelab.cedis.fd.unl.pt\/#\/schema\/person\/d6ff97373e2958d7ea2432e08216d2b8"},"headline":"O tratamento de den\u00fancias \u2013 Investiga\u00e7\u00f5es internas de den\u00fancias[1]","datePublished":"2022-10-04T12:28:40+00:00","dateModified":"2022-10-04T12:28:43+00:00","mainEntityOfPage":{"@id":"https:\/\/novacompliancelab.cedis.fd.unl.pt\/?p=1385"},"wordCount":1173,"commentCount":0,"publisher":{"@id":"https:\/\/novacompliancelab.cedis.fd.unl.pt\/#organization"},"articleSection":["Blog"],"inLanguage":"en-US","potentialAction":[{"@type":"CommentAction","name":"Comment","target":["https:\/\/novacompliancelab.cedis.fd.unl.pt\/?p=1385#respond"]}]},{"@type":"WebPage","@id":"https:\/\/novacompliancelab.cedis.fd.unl.pt\/?p=1385","url":"https:\/\/novacompliancelab.cedis.fd.unl.pt\/?p=1385","name":"O tratamento de den\u00fancias \u2013 Investiga\u00e7\u00f5es internas de den\u00fancias[1] -","isPartOf":{"@id":"https:\/\/novacompliancelab.cedis.fd.unl.pt\/#website"},"datePublished":"2022-10-04T12:28:40+00:00","dateModified":"2022-10-04T12:28:43+00:00","breadcrumb":{"@id":"https:\/\/novacompliancelab.cedis.fd.unl.pt\/?p=1385#breadcrumb"},"inLanguage":"en-US","potentialAction":[{"@type":"ReadAction","target":["https:\/\/novacompliancelab.cedis.fd.unl.pt\/?p=1385"]}]},{"@type":"BreadcrumbList","@id":"https:\/\/novacompliancelab.cedis.fd.unl.pt\/?p=1385#breadcrumb","itemListElement":[{"@type":"ListItem","position":1,"name":"Home","item":"https:\/\/novacompliancelab.cedis.fd.unl.pt\/"},{"@type":"ListItem","position":2,"name":"O tratamento de den\u00fancias \u2013 Investiga\u00e7\u00f5es internas de den\u00fancias[1]"}]},{"@type":"WebSite","@id":"https:\/\/novacompliancelab.cedis.fd.unl.pt\/#website","url":"https:\/\/novacompliancelab.cedis.fd.unl.pt\/","name":"NOVA Compliance Lab","description":"","publisher":{"@id":"https:\/\/novacompliancelab.cedis.fd.unl.pt\/#organization"},"potentialAction":[{"@type":"SearchAction","target":{"@type":"EntryPoint","urlTemplate":"https:\/\/novacompliancelab.cedis.fd.unl.pt\/?s={search_term_string}"},"query-input":{"@type":"PropertyValueSpecification","valueRequired":true,"valueName":"search_term_string"}}],"inLanguage":"en-US"},{"@type":"Organization","@id":"https:\/\/novacompliancelab.cedis.fd.unl.pt\/#organization","name":"NOVA Compliance Lab","url":"https:\/\/novacompliancelab.cedis.fd.unl.pt\/","logo":{"@type":"ImageObject","inLanguage":"en-US","@id":"https:\/\/novacompliancelab.cedis.fd.unl.pt\/#\/schema\/logo\/image\/","url":"http:\/\/novacompliancelab.cedis.fd.unl.pt\/wp-content\/uploads\/2019\/11\/NOVA-COMPLIANCE-LAB_logo_fundo-branco.jpg","contentUrl":"http:\/\/novacompliancelab.cedis.fd.unl.pt\/wp-content\/uploads\/2019\/11\/NOVA-COMPLIANCE-LAB_logo_fundo-branco.jpg","width":941,"height":615,"caption":"NOVA Compliance Lab"},"image":{"@id":"https:\/\/novacompliancelab.cedis.fd.unl.pt\/#\/schema\/logo\/image\/"}},{"@type":"Person","@id":"https:\/\/novacompliancelab.cedis.fd.unl.pt\/#\/schema\/person\/d6ff97373e2958d7ea2432e08216d2b8","name":"admcompliancelab","image":{"@type":"ImageObject","inLanguage":"en-US","@id":"https:\/\/secure.gravatar.com\/avatar\/4e68a27073ae21feaef106070aae371a74b8a8bb8bf904524d2d5353b998f411?s=96&d=mm&r=g","url":"https:\/\/secure.gravatar.com\/avatar\/4e68a27073ae21feaef106070aae371a74b8a8bb8bf904524d2d5353b998f411?s=96&d=mm&r=g","contentUrl":"https:\/\/secure.gravatar.com\/avatar\/4e68a27073ae21feaef106070aae371a74b8a8bb8bf904524d2d5353b998f411?s=96&d=mm&r=g","caption":"admcompliancelab"},"sameAs":["http:\/\/novacompliancelab.cedis.fd.unl.pt\/"],"url":"https:\/\/novacompliancelab.cedis.fd.unl.pt\/?author=1"}]}},"jetpack_featured_media_url":"","jetpack_sharing_enabled":true,"_links":{"self":[{"href":"https:\/\/novacompliancelab.cedis.fd.unl.pt\/index.php?rest_route=\/wp\/v2\/posts\/1385","targetHints":{"allow":["GET"]}}],"collection":[{"href":"https:\/\/novacompliancelab.cedis.fd.unl.pt\/index.php?rest_route=\/wp\/v2\/posts"}],"about":[{"href":"https:\/\/novacompliancelab.cedis.fd.unl.pt\/index.php?rest_route=\/wp\/v2\/types\/post"}],"author":[{"embeddable":true,"href":"https:\/\/novacompliancelab.cedis.fd.unl.pt\/index.php?rest_route=\/wp\/v2\/users\/1"}],"replies":[{"embeddable":true,"href":"https:\/\/novacompliancelab.cedis.fd.unl.pt\/index.php?rest_route=%2Fwp%2Fv2%2Fcomments&post=1385"}],"version-history":[{"count":1,"href":"https:\/\/novacompliancelab.cedis.fd.unl.pt\/index.php?rest_route=\/wp\/v2\/posts\/1385\/revisions"}],"predecessor-version":[{"id":1386,"href":"https:\/\/novacompliancelab.cedis.fd.unl.pt\/index.php?rest_route=\/wp\/v2\/posts\/1385\/revisions\/1386"}],"wp:attachment":[{"href":"https:\/\/novacompliancelab.cedis.fd.unl.pt\/index.php?rest_route=%2Fwp%2Fv2%2Fmedia&parent=1385"}],"wp:term":[{"taxonomy":"category","embeddable":true,"href":"https:\/\/novacompliancelab.cedis.fd.unl.pt\/index.php?rest_route=%2Fwp%2Fv2%2Fcategories&post=1385"},{"taxonomy":"post_tag","embeddable":true,"href":"https:\/\/novacompliancelab.cedis.fd.unl.pt\/index.php?rest_route=%2Fwp%2Fv2%2Ftags&post=1385"}],"curies":[{"name":"wp","href":"https:\/\/api.w.org\/{rel}","templated":true}]}}