{"id":1474,"date":"2023-08-07T13:17:38","date_gmt":"2023-08-07T13:17:38","guid":{"rendered":"https:\/\/novacompliancelab.cedis.fd.unl.pt\/?p=1474"},"modified":"2023-11-08T11:59:48","modified_gmt":"2023-11-08T11:59:48","slug":"conferencia-publicidade-versus-privacidade-no-direito-processual-contemporaneo","status":"publish","type":"post","link":"https:\/\/novacompliancelab.cedis.fd.unl.pt\/?p=1474","title":{"rendered":"Programa da Confer\u00eancia &#8220;Publicidade\u00a0versus\u00a0Privacidade no Direito Processual Contempor\u00e2neo&#8221;"},"content":{"rendered":"\n<h3 class=\"wp-block-heading\">No dia 8 de setembro de 2023, ir\u00e1 decorrer na NOVA School of Law, numa organiza\u00e7\u00e3o conjunta com a&nbsp;<a href=\"http:\/\/www.direito.uerj.br\/\" target=\"_blank\" rel=\"noreferrer noopener\">Faculdade de Direito da Universidade do Estado do Rio de Janeiro<\/a>, a confer\u00eancia&nbsp;<strong>\u00abPublicidade<em>&nbsp;versus<\/em>&nbsp;Privacidade no Direito Processual Contempor\u00e2neo\u00bb<\/strong>, que tem como objetivo&nbsp;<strong>o debate de quest\u00f5es relativas ao segredo e \u00e0 privacidade no \u00e2mbito dos processos judiciais<\/strong>, aspetos que assumem hoje grande relevo, em fun\u00e7\u00e3o do acolhimento nas v\u00e1rias legisla\u00e7\u00f5es nacionais de regras relativas ao cumprimento normativo por parte das empresas privadas e de entidades p\u00fablicas e o consequente enquadramento judicial dos elementos recolhidos nas averigua\u00e7\u00f5es internas. Esta quest\u00e3o assume tamb\u00e9m redobrada import\u00e2ncia quanto aos elementos que constituem o acervo da documenta\u00e7\u00e3o dos processos de arbitragem e media\u00e7\u00e3o.<\/h3>\n\n\n\n<p>A participa\u00e7\u00e3o nos pain\u00e9is de oradores\/as do Brasil e de Portugal permitir\u00e1&nbsp;<strong>o conhecimento das solu\u00e7\u00f5es dos dois ordenamentos jur\u00eddicos<\/strong>&nbsp;e o debate alargado das quest\u00f5es e problemas que se colocam nestas mat\u00e9rias.<\/p>\n\n\n\n<p>A confer\u00eancia tem como destinat\u00e1rios\/as<strong>\u00a0toda a comunidade jur\u00eddica<\/strong>, prevendo-se tamb\u00e9m um per\u00edodo de apresenta\u00e7\u00e3o e debate de trabalhos realizados neste \u00e2mbito por parte investigadores\/as, como forma de incrementar a realiza\u00e7\u00e3o de trabalhos cient\u00edficos nesta \u00e1rea.<\/p>\n\n\n\n<p>Programa: <a href=\"https:\/\/novacompliancelab.cedis.fd.unl.pt\/wp-content\/uploads\/2023\/08\/Publicidade_Vs_Privacidade_Emailing_03.jpg\" target=\"_blank\" rel=\"noreferrer noopener\">https:\/\/novacompliancelab.cedis.fd.unl.pt\/wp-content\/uploads\/2023\/08\/Publicidade_Vs_Privacidade_Emailing_03.jpg<\/a><\/p>\n\n\n\n<p>Mais informa\u00e7\u00f5es em: <a href=\"https:\/\/novalaw.unl.pt\/publicidade-versus-privacidade-no-direito-processual-contemporaneo\/\" target=\"_blank\" rel=\"noreferrer noopener\">https:\/\/novalaw.unl.pt\/publicidade-versus-privacidade-no-direito-processual-contemporaneo\/<\/a><\/p>\n","protected":false},"excerpt":{"rendered":"<p>No dia 8 de setembro de 2023, ir\u00e1 decorrer na NOVA School of Law, numa organiza\u00e7\u00e3o conjunta com a&nbsp;Faculdade de Direito da Universidade do Estado do Rio de Janeiro, a confer\u00eancia&nbsp;\u00abPublicidade&nbsp;versus&nbsp;Privacidade no Direito Processual Contempor\u00e2neo\u00bb, que tem como objetivo&nbsp;o debate de quest\u00f5es relativas ao segredo e \u00e0 privacidade no \u00e2mbito dos processos judiciais, aspetos que <\/p>\n<div class=\"read-more-text\"><a href=\"https:\/\/novacompliancelab.cedis.fd.unl.pt\/?p=1474\" class=\"read-more\">continue reading<\/a><\/div>\n","protected":false},"author":1,"featured_media":1487,"comment_status":"open","ping_status":"open","sticky":true,"template":"","format":"standard","meta":{"_exactmetrics_skip_tracking":false,"_exactmetrics_sitenote_active":false,"_exactmetrics_sitenote_note":"","_exactmetrics_sitenote_category":0,"_monsterinsights_skip_tracking":false,"_monsterinsights_sitenote_active":false,"_monsterinsights_sitenote_note":"","_monsterinsights_sitenote_category":0,"_jetpack_memberships_contains_paid_content":false,"footnotes":""},"categories":[37,7],"tags":[],"class_list":["post-1474","post","type-post","status-publish","format-standard","has-post-thumbnail","hentry","category-atividades","category-latest-news"],"yoast_head":"<!-- This site is optimized with the Yoast SEO plugin v27.5 - https:\/\/yoast.com\/product\/yoast-seo-wordpress\/ -->\n<title>Programa da Confer\u00eancia &quot;Publicidade\u00a0versus\u00a0Privacidade no Direito Processual Contempor\u00e2neo&quot; -<\/title>\n<meta name=\"robots\" content=\"index, follow, max-snippet:-1, max-image-preview:large, max-video-preview:-1\" \/>\n<link rel=\"canonical\" href=\"https:\/\/novacompliancelab.cedis.fd.unl.pt\/?p=1474\" \/>\n<meta property=\"og:locale\" content=\"en_US\" \/>\n<meta property=\"og:type\" content=\"article\" \/>\n<meta property=\"og:title\" content=\"Programa da Confer\u00eancia &quot;Publicidade\u00a0versus\u00a0Privacidade no Direito Processual Contempor\u00e2neo&quot; -\" \/>\n<meta property=\"og:description\" content=\"No dia 8 de setembro de 2023, ir\u00e1 decorrer na NOVA School of Law, numa organiza\u00e7\u00e3o conjunta com a&nbsp;Faculdade de Direito da Universidade do Estado do Rio de Janeiro, a confer\u00eancia&nbsp;\u00abPublicidade&nbsp;versus&nbsp;Privacidade no Direito Processual Contempor\u00e2neo\u00bb, que tem como objetivo&nbsp;o debate de quest\u00f5es relativas ao segredo e \u00e0 privacidade no \u00e2mbito dos processos judiciais, aspetos que continue reading\" \/>\n<meta property=\"og:url\" content=\"https:\/\/novacompliancelab.cedis.fd.unl.pt\/?p=1474\" \/>\n<meta property=\"article:published_time\" content=\"2023-08-07T13:17:38+00:00\" \/>\n<meta property=\"article:modified_time\" content=\"2023-11-08T11:59:48+00:00\" \/>\n<meta property=\"og:image\" content=\"https:\/\/novacompliancelab.cedis.fd.unl.pt\/wp-content\/uploads\/2023\/08\/Publicidade_Vs_Privacidade_Post-1.jpg\" \/>\n\t<meta property=\"og:image:width\" content=\"1080\" \/>\n\t<meta property=\"og:image:height\" content=\"1080\" \/>\n\t<meta property=\"og:image:type\" content=\"image\/jpeg\" \/>\n<meta name=\"author\" content=\"admcompliancelab\" \/>\n<meta name=\"twitter:card\" content=\"summary_large_image\" \/>\n<meta name=\"twitter:label1\" content=\"Written by\" \/>\n\t<meta name=\"twitter:data1\" content=\"admcompliancelab\" \/>\n\t<meta name=\"twitter:label2\" content=\"Est. reading time\" \/>\n\t<meta name=\"twitter:data2\" content=\"1 minute\" \/>\n<script type=\"application\/ld+json\" class=\"yoast-schema-graph\">{\"@context\":\"https:\\\/\\\/schema.org\",\"@graph\":[{\"@type\":\"Article\",\"@id\":\"https:\\\/\\\/novacompliancelab.cedis.fd.unl.pt\\\/?p=1474#article\",\"isPartOf\":{\"@id\":\"https:\\\/\\\/novacompliancelab.cedis.fd.unl.pt\\\/?p=1474\"},\"author\":{\"name\":\"admcompliancelab\",\"@id\":\"https:\\\/\\\/novacompliancelab.cedis.fd.unl.pt\\\/#\\\/schema\\\/person\\\/d6ff97373e2958d7ea2432e08216d2b8\"},\"headline\":\"Programa da Confer\u00eancia &#8220;Publicidade\u00a0versus\u00a0Privacidade no Direito Processual Contempor\u00e2neo&#8221;\",\"datePublished\":\"2023-08-07T13:17:38+00:00\",\"dateModified\":\"2023-11-08T11:59:48+00:00\",\"mainEntityOfPage\":{\"@id\":\"https:\\\/\\\/novacompliancelab.cedis.fd.unl.pt\\\/?p=1474\"},\"wordCount\":258,\"commentCount\":0,\"publisher\":{\"@id\":\"https:\\\/\\\/novacompliancelab.cedis.fd.unl.pt\\\/#organization\"},\"image\":{\"@id\":\"https:\\\/\\\/novacompliancelab.cedis.fd.unl.pt\\\/?p=1474#primaryimage\"},\"thumbnailUrl\":\"https:\\\/\\\/novacompliancelab.cedis.fd.unl.pt\\\/wp-content\\\/uploads\\\/2023\\\/08\\\/Publicidade_Vs_Privacidade_Post-1.jpg\",\"articleSection\":[\"Atividades\",\"Latest News\"],\"inLanguage\":\"en-US\",\"potentialAction\":[{\"@type\":\"CommentAction\",\"name\":\"Comment\",\"target\":[\"https:\\\/\\\/novacompliancelab.cedis.fd.unl.pt\\\/?p=1474#respond\"]}]},{\"@type\":\"WebPage\",\"@id\":\"https:\\\/\\\/novacompliancelab.cedis.fd.unl.pt\\\/?p=1474\",\"url\":\"https:\\\/\\\/novacompliancelab.cedis.fd.unl.pt\\\/?p=1474\",\"name\":\"Programa da Confer\u00eancia \\\"Publicidade\u00a0versus\u00a0Privacidade no Direito Processual Contempor\u00e2neo\\\" -\",\"isPartOf\":{\"@id\":\"https:\\\/\\\/novacompliancelab.cedis.fd.unl.pt\\\/#website\"},\"primaryImageOfPage\":{\"@id\":\"https:\\\/\\\/novacompliancelab.cedis.fd.unl.pt\\\/?p=1474#primaryimage\"},\"image\":{\"@id\":\"https:\\\/\\\/novacompliancelab.cedis.fd.unl.pt\\\/?p=1474#primaryimage\"},\"thumbnailUrl\":\"https:\\\/\\\/novacompliancelab.cedis.fd.unl.pt\\\/wp-content\\\/uploads\\\/2023\\\/08\\\/Publicidade_Vs_Privacidade_Post-1.jpg\",\"datePublished\":\"2023-08-07T13:17:38+00:00\",\"dateModified\":\"2023-11-08T11:59:48+00:00\",\"breadcrumb\":{\"@id\":\"https:\\\/\\\/novacompliancelab.cedis.fd.unl.pt\\\/?p=1474#breadcrumb\"},\"inLanguage\":\"en-US\",\"potentialAction\":[{\"@type\":\"ReadAction\",\"target\":[\"https:\\\/\\\/novacompliancelab.cedis.fd.unl.pt\\\/?p=1474\"]}]},{\"@type\":\"ImageObject\",\"inLanguage\":\"en-US\",\"@id\":\"https:\\\/\\\/novacompliancelab.cedis.fd.unl.pt\\\/?p=1474#primaryimage\",\"url\":\"https:\\\/\\\/novacompliancelab.cedis.fd.unl.pt\\\/wp-content\\\/uploads\\\/2023\\\/08\\\/Publicidade_Vs_Privacidade_Post-1.jpg\",\"contentUrl\":\"https:\\\/\\\/novacompliancelab.cedis.fd.unl.pt\\\/wp-content\\\/uploads\\\/2023\\\/08\\\/Publicidade_Vs_Privacidade_Post-1.jpg\",\"width\":1080,\"height\":1080},{\"@type\":\"BreadcrumbList\",\"@id\":\"https:\\\/\\\/novacompliancelab.cedis.fd.unl.pt\\\/?p=1474#breadcrumb\",\"itemListElement\":[{\"@type\":\"ListItem\",\"position\":1,\"name\":\"Home\",\"item\":\"https:\\\/\\\/novacompliancelab.cedis.fd.unl.pt\\\/\"},{\"@type\":\"ListItem\",\"position\":2,\"name\":\"Programa da Confer\u00eancia &#8220;Publicidade\u00a0versus\u00a0Privacidade no Direito Processual Contempor\u00e2neo&#8221;\"}]},{\"@type\":\"WebSite\",\"@id\":\"https:\\\/\\\/novacompliancelab.cedis.fd.unl.pt\\\/#website\",\"url\":\"https:\\\/\\\/novacompliancelab.cedis.fd.unl.pt\\\/\",\"name\":\"NOVA Compliance Lab\",\"description\":\"\",\"publisher\":{\"@id\":\"https:\\\/\\\/novacompliancelab.cedis.fd.unl.pt\\\/#organization\"},\"potentialAction\":[{\"@type\":\"SearchAction\",\"target\":{\"@type\":\"EntryPoint\",\"urlTemplate\":\"https:\\\/\\\/novacompliancelab.cedis.fd.unl.pt\\\/?s={search_term_string}\"},\"query-input\":{\"@type\":\"PropertyValueSpecification\",\"valueRequired\":true,\"valueName\":\"search_term_string\"}}],\"inLanguage\":\"en-US\"},{\"@type\":\"Organization\",\"@id\":\"https:\\\/\\\/novacompliancelab.cedis.fd.unl.pt\\\/#organization\",\"name\":\"NOVA Compliance Lab\",\"url\":\"https:\\\/\\\/novacompliancelab.cedis.fd.unl.pt\\\/\",\"logo\":{\"@type\":\"ImageObject\",\"inLanguage\":\"en-US\",\"@id\":\"https:\\\/\\\/novacompliancelab.cedis.fd.unl.pt\\\/#\\\/schema\\\/logo\\\/image\\\/\",\"url\":\"http:\\\/\\\/novacompliancelab.cedis.fd.unl.pt\\\/wp-content\\\/uploads\\\/2019\\\/11\\\/NOVA-COMPLIANCE-LAB_logo_fundo-branco.jpg\",\"contentUrl\":\"http:\\\/\\\/novacompliancelab.cedis.fd.unl.pt\\\/wp-content\\\/uploads\\\/2019\\\/11\\\/NOVA-COMPLIANCE-LAB_logo_fundo-branco.jpg\",\"width\":941,\"height\":615,\"caption\":\"NOVA Compliance Lab\"},\"image\":{\"@id\":\"https:\\\/\\\/novacompliancelab.cedis.fd.unl.pt\\\/#\\\/schema\\\/logo\\\/image\\\/\"}},{\"@type\":\"Person\",\"@id\":\"https:\\\/\\\/novacompliancelab.cedis.fd.unl.pt\\\/#\\\/schema\\\/person\\\/d6ff97373e2958d7ea2432e08216d2b8\",\"name\":\"admcompliancelab\",\"image\":{\"@type\":\"ImageObject\",\"inLanguage\":\"en-US\",\"@id\":\"https:\\\/\\\/secure.gravatar.com\\\/avatar\\\/4e68a27073ae21feaef106070aae371a74b8a8bb8bf904524d2d5353b998f411?s=96&d=mm&r=g\",\"url\":\"https:\\\/\\\/secure.gravatar.com\\\/avatar\\\/4e68a27073ae21feaef106070aae371a74b8a8bb8bf904524d2d5353b998f411?s=96&d=mm&r=g\",\"contentUrl\":\"https:\\\/\\\/secure.gravatar.com\\\/avatar\\\/4e68a27073ae21feaef106070aae371a74b8a8bb8bf904524d2d5353b998f411?s=96&d=mm&r=g\",\"caption\":\"admcompliancelab\"},\"sameAs\":[\"http:\\\/\\\/novacompliancelab.cedis.fd.unl.pt\\\/\"],\"url\":\"https:\\\/\\\/novacompliancelab.cedis.fd.unl.pt\\\/?author=1\"}]}<\/script>\n<!-- \/ Yoast SEO plugin. -->","yoast_head_json":{"title":"Programa da Confer\u00eancia \"Publicidade\u00a0versus\u00a0Privacidade no Direito Processual Contempor\u00e2neo\" -","robots":{"index":"index","follow":"follow","max-snippet":"max-snippet:-1","max-image-preview":"max-image-preview:large","max-video-preview":"max-video-preview:-1"},"canonical":"https:\/\/novacompliancelab.cedis.fd.unl.pt\/?p=1474","og_locale":"en_US","og_type":"article","og_title":"Programa da Confer\u00eancia \"Publicidade\u00a0versus\u00a0Privacidade no Direito Processual Contempor\u00e2neo\" -","og_description":"No dia 8 de setembro de 2023, ir\u00e1 decorrer na NOVA School of Law, numa organiza\u00e7\u00e3o conjunta com a&nbsp;Faculdade de Direito da Universidade do Estado do Rio de Janeiro, a confer\u00eancia&nbsp;\u00abPublicidade&nbsp;versus&nbsp;Privacidade no Direito Processual Contempor\u00e2neo\u00bb, que tem como objetivo&nbsp;o debate de quest\u00f5es relativas ao segredo e \u00e0 privacidade no \u00e2mbito dos processos judiciais, aspetos que continue reading","og_url":"https:\/\/novacompliancelab.cedis.fd.unl.pt\/?p=1474","article_published_time":"2023-08-07T13:17:38+00:00","article_modified_time":"2023-11-08T11:59:48+00:00","og_image":[{"width":1080,"height":1080,"url":"https:\/\/novacompliancelab.cedis.fd.unl.pt\/wp-content\/uploads\/2023\/08\/Publicidade_Vs_Privacidade_Post-1.jpg","type":"image\/jpeg"}],"author":"admcompliancelab","twitter_card":"summary_large_image","twitter_misc":{"Written by":"admcompliancelab","Est. reading time":"1 minute"},"schema":{"@context":"https:\/\/schema.org","@graph":[{"@type":"Article","@id":"https:\/\/novacompliancelab.cedis.fd.unl.pt\/?p=1474#article","isPartOf":{"@id":"https:\/\/novacompliancelab.cedis.fd.unl.pt\/?p=1474"},"author":{"name":"admcompliancelab","@id":"https:\/\/novacompliancelab.cedis.fd.unl.pt\/#\/schema\/person\/d6ff97373e2958d7ea2432e08216d2b8"},"headline":"Programa da Confer\u00eancia &#8220;Publicidade\u00a0versus\u00a0Privacidade no Direito Processual Contempor\u00e2neo&#8221;","datePublished":"2023-08-07T13:17:38+00:00","dateModified":"2023-11-08T11:59:48+00:00","mainEntityOfPage":{"@id":"https:\/\/novacompliancelab.cedis.fd.unl.pt\/?p=1474"},"wordCount":258,"commentCount":0,"publisher":{"@id":"https:\/\/novacompliancelab.cedis.fd.unl.pt\/#organization"},"image":{"@id":"https:\/\/novacompliancelab.cedis.fd.unl.pt\/?p=1474#primaryimage"},"thumbnailUrl":"https:\/\/novacompliancelab.cedis.fd.unl.pt\/wp-content\/uploads\/2023\/08\/Publicidade_Vs_Privacidade_Post-1.jpg","articleSection":["Atividades","Latest News"],"inLanguage":"en-US","potentialAction":[{"@type":"CommentAction","name":"Comment","target":["https:\/\/novacompliancelab.cedis.fd.unl.pt\/?p=1474#respond"]}]},{"@type":"WebPage","@id":"https:\/\/novacompliancelab.cedis.fd.unl.pt\/?p=1474","url":"https:\/\/novacompliancelab.cedis.fd.unl.pt\/?p=1474","name":"Programa da Confer\u00eancia \"Publicidade\u00a0versus\u00a0Privacidade no Direito Processual Contempor\u00e2neo\" -","isPartOf":{"@id":"https:\/\/novacompliancelab.cedis.fd.unl.pt\/#website"},"primaryImageOfPage":{"@id":"https:\/\/novacompliancelab.cedis.fd.unl.pt\/?p=1474#primaryimage"},"image":{"@id":"https:\/\/novacompliancelab.cedis.fd.unl.pt\/?p=1474#primaryimage"},"thumbnailUrl":"https:\/\/novacompliancelab.cedis.fd.unl.pt\/wp-content\/uploads\/2023\/08\/Publicidade_Vs_Privacidade_Post-1.jpg","datePublished":"2023-08-07T13:17:38+00:00","dateModified":"2023-11-08T11:59:48+00:00","breadcrumb":{"@id":"https:\/\/novacompliancelab.cedis.fd.unl.pt\/?p=1474#breadcrumb"},"inLanguage":"en-US","potentialAction":[{"@type":"ReadAction","target":["https:\/\/novacompliancelab.cedis.fd.unl.pt\/?p=1474"]}]},{"@type":"ImageObject","inLanguage":"en-US","@id":"https:\/\/novacompliancelab.cedis.fd.unl.pt\/?p=1474#primaryimage","url":"https:\/\/novacompliancelab.cedis.fd.unl.pt\/wp-content\/uploads\/2023\/08\/Publicidade_Vs_Privacidade_Post-1.jpg","contentUrl":"https:\/\/novacompliancelab.cedis.fd.unl.pt\/wp-content\/uploads\/2023\/08\/Publicidade_Vs_Privacidade_Post-1.jpg","width":1080,"height":1080},{"@type":"BreadcrumbList","@id":"https:\/\/novacompliancelab.cedis.fd.unl.pt\/?p=1474#breadcrumb","itemListElement":[{"@type":"ListItem","position":1,"name":"Home","item":"https:\/\/novacompliancelab.cedis.fd.unl.pt\/"},{"@type":"ListItem","position":2,"name":"Programa da Confer\u00eancia &#8220;Publicidade\u00a0versus\u00a0Privacidade no Direito Processual Contempor\u00e2neo&#8221;"}]},{"@type":"WebSite","@id":"https:\/\/novacompliancelab.cedis.fd.unl.pt\/#website","url":"https:\/\/novacompliancelab.cedis.fd.unl.pt\/","name":"NOVA Compliance Lab","description":"","publisher":{"@id":"https:\/\/novacompliancelab.cedis.fd.unl.pt\/#organization"},"potentialAction":[{"@type":"SearchAction","target":{"@type":"EntryPoint","urlTemplate":"https:\/\/novacompliancelab.cedis.fd.unl.pt\/?s={search_term_string}"},"query-input":{"@type":"PropertyValueSpecification","valueRequired":true,"valueName":"search_term_string"}}],"inLanguage":"en-US"},{"@type":"Organization","@id":"https:\/\/novacompliancelab.cedis.fd.unl.pt\/#organization","name":"NOVA Compliance Lab","url":"https:\/\/novacompliancelab.cedis.fd.unl.pt\/","logo":{"@type":"ImageObject","inLanguage":"en-US","@id":"https:\/\/novacompliancelab.cedis.fd.unl.pt\/#\/schema\/logo\/image\/","url":"http:\/\/novacompliancelab.cedis.fd.unl.pt\/wp-content\/uploads\/2019\/11\/NOVA-COMPLIANCE-LAB_logo_fundo-branco.jpg","contentUrl":"http:\/\/novacompliancelab.cedis.fd.unl.pt\/wp-content\/uploads\/2019\/11\/NOVA-COMPLIANCE-LAB_logo_fundo-branco.jpg","width":941,"height":615,"caption":"NOVA Compliance Lab"},"image":{"@id":"https:\/\/novacompliancelab.cedis.fd.unl.pt\/#\/schema\/logo\/image\/"}},{"@type":"Person","@id":"https:\/\/novacompliancelab.cedis.fd.unl.pt\/#\/schema\/person\/d6ff97373e2958d7ea2432e08216d2b8","name":"admcompliancelab","image":{"@type":"ImageObject","inLanguage":"en-US","@id":"https:\/\/secure.gravatar.com\/avatar\/4e68a27073ae21feaef106070aae371a74b8a8bb8bf904524d2d5353b998f411?s=96&d=mm&r=g","url":"https:\/\/secure.gravatar.com\/avatar\/4e68a27073ae21feaef106070aae371a74b8a8bb8bf904524d2d5353b998f411?s=96&d=mm&r=g","contentUrl":"https:\/\/secure.gravatar.com\/avatar\/4e68a27073ae21feaef106070aae371a74b8a8bb8bf904524d2d5353b998f411?s=96&d=mm&r=g","caption":"admcompliancelab"},"sameAs":["http:\/\/novacompliancelab.cedis.fd.unl.pt\/"],"url":"https:\/\/novacompliancelab.cedis.fd.unl.pt\/?author=1"}]}},"jetpack_featured_media_url":"https:\/\/novacompliancelab.cedis.fd.unl.pt\/wp-content\/uploads\/2023\/08\/Publicidade_Vs_Privacidade_Post-1.jpg","jetpack_sharing_enabled":true,"_links":{"self":[{"href":"https:\/\/novacompliancelab.cedis.fd.unl.pt\/index.php?rest_route=\/wp\/v2\/posts\/1474","targetHints":{"allow":["GET"]}}],"collection":[{"href":"https:\/\/novacompliancelab.cedis.fd.unl.pt\/index.php?rest_route=\/wp\/v2\/posts"}],"about":[{"href":"https:\/\/novacompliancelab.cedis.fd.unl.pt\/index.php?rest_route=\/wp\/v2\/types\/post"}],"author":[{"embeddable":true,"href":"https:\/\/novacompliancelab.cedis.fd.unl.pt\/index.php?rest_route=\/wp\/v2\/users\/1"}],"replies":[{"embeddable":true,"href":"https:\/\/novacompliancelab.cedis.fd.unl.pt\/index.php?rest_route=%2Fwp%2Fv2%2Fcomments&post=1474"}],"version-history":[{"count":4,"href":"https:\/\/novacompliancelab.cedis.fd.unl.pt\/index.php?rest_route=\/wp\/v2\/posts\/1474\/revisions"}],"predecessor-version":[{"id":1490,"href":"https:\/\/novacompliancelab.cedis.fd.unl.pt\/index.php?rest_route=\/wp\/v2\/posts\/1474\/revisions\/1490"}],"wp:featuredmedia":[{"embeddable":true,"href":"https:\/\/novacompliancelab.cedis.fd.unl.pt\/index.php?rest_route=\/wp\/v2\/media\/1487"}],"wp:attachment":[{"href":"https:\/\/novacompliancelab.cedis.fd.unl.pt\/index.php?rest_route=%2Fwp%2Fv2%2Fmedia&parent=1474"}],"wp:term":[{"taxonomy":"category","embeddable":true,"href":"https:\/\/novacompliancelab.cedis.fd.unl.pt\/index.php?rest_route=%2Fwp%2Fv2%2Fcategories&post=1474"},{"taxonomy":"post_tag","embeddable":true,"href":"https:\/\/novacompliancelab.cedis.fd.unl.pt\/index.php?rest_route=%2Fwp%2Fv2%2Ftags&post=1474"}],"curies":[{"name":"wp","href":"https:\/\/api.w.org\/{rel}","templated":true}]}}